{"id":6205,"date":"2024-07-04T10:05:43","date_gmt":"2024-07-04T10:05:43","guid":{"rendered":"https:\/\/www.interloggroup.com\/2024\/07\/04\/interlog-expands-its-range-of-transport-related-co2-emissions-management-solutions\/"},"modified":"2024-07-30T14:03:37","modified_gmt":"2024-07-30T14:03:37","slug":"interlog-expands-its-range-of-transport-related-co2-emissions-management-solutions","status":"publish","type":"post","link":"https:\/\/www.interloggroup.com\/fr\/2024\/07\/04\/interlog-expands-its-range-of-transport-related-co2-emissions-management-solutions\/","title":{"rendered":"INTERLOG \u00c9LARGIT SA GAMME DE SOLUTIONS DE GESTION DES \u00c9MISSIONS DE CO2 LI\u00c9ES AU TRANSPORT"},"content":{"rendered":"<p>Interlog, le sp\u00e9cialiste du fret, de la cha\u00eene d&rsquo;approvisionnement et de la gestion de donn\u00e9es, \u00e9largit sa gamme de services pour la gestion des \u00e9missions de CO2 du transport en y ajoutant l&rsquo;analyse et le conseil, en plus du contr\u00f4le.<\/p>\n<p>Bas\u00e9e sur la m\u00e9thode GLEC (Global logistics emissions council), norme internationale de calcul des \u00e9missions de gaz \u00e0 effet de serre dans le secteur de la logistique, Interlog est en mesure de g\u00e9rer les mesures de CO2 \u00e0 l&rsquo;\u00e9chelle globale ou locale, selon les besoins de ses clients.<\/p>\n<p>Sa solution calcule pr\u00e9cis\u00e9ment la r\u00e9partition des \u00e9missions en fonction des modes de transport utilis\u00e9s, des r\u00e9gions travers\u00e9es et des destinations finales. Interlog va au-del\u00e0 de la simple mesure des \u00e9missions de CO2 et propose d\u00e9sormais une analyse approfondie de ces informations \u00bb, explique Ludovic Knysz, directeur des transports au sein du groupe Interlog.<\/p>\n<p>Gr\u00e2ce \u00e0 des outils d&rsquo;analyse de donn\u00e9es avanc\u00e9s, notre offre de services et de conseils s&rsquo;\u00e9largit pour aider nos clients \u00e0 identifier les inefficacit\u00e9s dans leurs cha\u00eenes d&rsquo;approvisionnement et \u00e0 explorer des solutions de transport plus durables. Cette approche permet non seulement de r\u00e9duire les co\u00fbts op\u00e9rationnels, mais aussi de diminuer l&#8217;empreinte carbone globale des entreprises.<\/p>\n<p>Source : https:\/\/www.voxlog.fr\/actualite\/8784\/interlog-elargit-son-offre-de-gestion-des-emissions-de-co2-liees-au-transport<\/p>\n","protected":false},"excerpt":{"rendered":"<p>Interlog, le sp\u00e9cialiste du fret, de la cha\u00eene d&rsquo;approvisionnement et de la gestion de donn\u00e9es, \u00e9largit sa gamme de services pour la gestion des \u00e9missions de CO2 du transport en y ajoutant l&rsquo;analyse et le conseil, en plus du contr\u00f4le. Bas\u00e9e sur la m\u00e9thode GLEC (Global logistics emissions council), norme internationale de calcul des \u00e9missions [&hellip;]<\/p>\n","protected":false},"author":8,"featured_media":6150,"comment_status":"closed","ping_status":"closed","sticky":false,"template":"","format":"standard","meta":{"_acf_changed":false,"rank_math_lock_modified_date":false,"footnotes":""},"categories":[46,53,56],"tags":[],"class_list":["post-6205","post","type-post","status-publish","format-standard","has-post-thumbnail","hentry","category-la-logistique","category-groupeservices","category-logistiquesolutions"],"acf":[],"_links":{"self":[{"href":"https:\/\/www.interloggroup.com\/fr\/wp-json\/wp\/v2\/posts\/6205","targetHints":{"allow":["GET"]}}],"collection":[{"href":"https:\/\/www.interloggroup.com\/fr\/wp-json\/wp\/v2\/posts"}],"about":[{"href":"https:\/\/www.interloggroup.com\/fr\/wp-json\/wp\/v2\/types\/post"}],"author":[{"embeddable":true,"href":"https:\/\/www.interloggroup.com\/fr\/wp-json\/wp\/v2\/users\/8"}],"replies":[{"embeddable":true,"href":"https:\/\/www.interloggroup.com\/fr\/wp-json\/wp\/v2\/comments?post=6205"}],"version-history":[{"count":2,"href":"https:\/\/www.interloggroup.com\/fr\/wp-json\/wp\/v2\/posts\/6205\/revisions"}],"predecessor-version":[{"id":6249,"href":"https:\/\/www.interloggroup.com\/fr\/wp-json\/wp\/v2\/posts\/6205\/revisions\/6249"}],"wp:featuredmedia":[{"embeddable":true,"href":"https:\/\/www.interloggroup.com\/fr\/wp-json\/wp\/v2\/media\/6150"}],"wp:attachment":[{"href":"https:\/\/www.interloggroup.com\/fr\/wp-json\/wp\/v2\/media?parent=6205"}],"wp:term":[{"taxonomy":"category","embeddable":true,"href":"https:\/\/www.interloggroup.com\/fr\/wp-json\/wp\/v2\/categories?post=6205"},{"taxonomy":"post_tag","embeddable":true,"href":"https:\/\/www.interloggroup.com\/fr\/wp-json\/wp\/v2\/tags?post=6205"}],"curies":[{"name":"wp","href":"https:\/\/api.w.org\/{rel}","templated":true}]}}